{"id":860,"date":"2014-11-24T15:01:00","date_gmt":"2014-11-24T14:01:00","guid":{"rendered":"http:\/\/autoconautista.com\/ncc\/?p=860"},"modified":"2018-11-12T14:47:38","modified_gmt":"2018-11-12T13:47:38","slug":"alessandro-barbareschi","status":"publish","type":"post","link":"https:\/\/autoconautista.com\/ncc\/alessandro-barbareschi\/","title":{"rendered":"Alessandro Barbareschi"},"content":{"rendered":"<p>Alessandro Barbareschi NCC Bergamo<\/p>\n<p>Tra le numerose attivit\u00e0 di cui si occupa la ditta Autonoleggio Alessandro Barbareschi rientra anche un efficiente servizio di taxi privato NCC.<\/p>\n<p>Siamo sicuri dei nostri mezzi in quanto provvediamo, prima di ogni servizio, a effettuare controlli e interventi di manutenzione: per questo possiamo affermare con certezza che da noi troverete sempre affidabilit\u00e0, puntualit\u00e0 e versatilit\u00e0.<\/p>\n<p>Cerchiamo di rispondere al meglio ad ogni vostra esigenza dei nostri clienti proponendo servizi altamente personalizzati e di qualit\u00e0.<\/p>\n<p>La ditta Autonoleggi Alessandro Barbareschi viene incontro alle necessit\u00e0 di mobilit\u00e0 di clienti privati e aziende offrendo servizi di trasferimento verso localit\u00e0 turistiche e servizi di collegamento da e per aeroporti, porti, stazioni e citt\u00e0.<br \/>\nL&#8217;azienda inoltre \u00e8 a vostra completa disposizione anche nel caso richiedeste trasferimenti per esigenze legate a business e shopping.<\/p>\n<p>Il primo sorriso di benvenuto all&#8217;arrivo del vostro aereo<\/p>\n<p><div class=\"clearboth\"><\/div><div id=\"WLbottonenolink\"><b>LINGUE PARLATE<\/b><\/div><div id=\"WLbottonewhite\"><b>Italiano<\/b><\/div><div id=\"WLbottonewhite\"><b>Inglese<\/b><\/div><div id=\"WLbottonewhite\"><b>Francese<\/b><\/div><div id=\"WLbottonewhite\"><b>Spagnolo<\/b><\/div><div class=\"clearboth\"><\/div><\/p>\n<p><div class=\"clearboth\"><\/div><div id=\"WLbottonenolink\"><b>ALCUNI DEI SERVIZI SVOLTI<\/b><\/div><div id=\"WLbottonewhite\"><b>Transfer con Van con wi-fi e dvd<\/b><\/div><div id=\"WLbottonewhite\"><b>Transfer Aeroporto<\/b><\/div><div id=\"WLbottonewhite\"><b>Transfer Stazione<\/b><\/div><div id=\"WLbottonewhite\"><b>Transfer Ski Transfer<\/b><\/div><br \/>\n<div class=\"clearboth\"><\/div><\/p>\n","protected":false},"excerpt":{"rendered":"<p>Alessandro Barbareschi NCC Bergamo Tra le numerose attivit\u00e0 di cui si occupa la ditta Autonoleggio Alessandro Barbareschi rientra anche un efficiente servizio di taxi privato NCC. Siamo sicuri dei nostri mezzi in quanto provvediamo, prima di ogni servizio, a effettuare controlli e interventi di manutenzione: per questo possiamo affermare con certezza che da noi troverete [&hellip;]<\/p>\n","protected":false},"author":81,"featured_media":885,"comment_status":"closed","ping_status":"open","sticky":false,"template":"","format":"standard","meta":[],"categories":[32,36,61,63],"tags":[72,85,86,449,700,699,702,697,124,369,370,544,1272,368,366,367,701,248],"yoast_head":"<!-- This site is optimized with the Yoast SEO plugin v16.8 - https:\/\/yoast.com\/wordpress\/plugins\/seo\/ -->\n<meta name=\"description\" content=\"Alessandro Barbareschi NCC, Auto con Autista Bergamo Alessandro Barbareschi Driver NCC Bergamo, Brescia, Milano, Monza Brianza | Private Taxi Bergamo\" \/>\n<meta name=\"robots\" content=\"index, follow, max-snippet:-1, max-image-preview:large, max-video-preview:-1\" \/>\n<link rel=\"canonical\" href=\"https:\/\/autoconautista.com\/ncc\/alessandro-barbareschi\/\" \/>\n<meta property=\"og:locale\" content=\"it_IT\" \/>\n<meta property=\"og:type\" content=\"article\" \/>\n<meta property=\"og:title\" content=\"Alessandro Barbareschi NCC Bergamo Noleggio Auto con Autista\" \/>\n<meta property=\"og:description\" content=\"Alessandro Barbareschi NCC, Auto con Autista Bergamo Alessandro Barbareschi Driver NCC Bergamo, Brescia, Milano, Monza Brianza | Private Taxi Bergamo\" \/>\n<meta property=\"og:url\" content=\"https:\/\/autoconautista.com\/ncc\/alessandro-barbareschi\/\" \/>\n<meta property=\"og:site_name\" content=\"Auto con Autista\" \/>\n<meta property=\"article:publisher\" content=\"https:\/\/www.facebook.com\/autoconautistaitalia\" \/>\n<meta property=\"article:published_time\" content=\"2014-11-24T14:01:00+00:00\" \/>\n<meta property=\"article:modified_time\" content=\"2018-11-12T13:47:38+00:00\" \/>\n<meta property=\"og:image\" content=\"https:\/\/autoconautista.com\/ncc\/wp-content\/uploads\/20140924_1323491.jpg\" \/>\n\t<meta property=\"og:image:width\" content=\"1024\" \/>\n\t<meta property=\"og:image:height\" content=\"760\" \/>\n<meta name=\"twitter:card\" content=\"summary_large_image\" \/>\n<meta name=\"twitter:creator\" content=\"@AutoconAutista\" \/>\n<meta name=\"twitter:site\" content=\"@AutoconAutista\" \/>\n<meta name=\"twitter:label1\" content=\"Scritto da\" \/>\n\t<meta name=\"twitter:data1\" content=\"aletransfer\" \/>\n\t<meta name=\"twitter:label2\" content=\"Tempo di lettura stimato\" \/>\n\t<meta name=\"twitter:data2\" content=\"1 minuto\" \/>\n<script type=\"application\/ld+json\" class=\"yoast-schema-graph\">{\"@context\":\"https:\/\/schema.org\",\"@graph\":[{\"@type\":\"Organization\",\"@id\":\"https:\/\/autoconautista.com\/ncc\/#organization\",\"name\":\"Auto con Autista\",\"url\":\"https:\/\/autoconautista.com\/ncc\/\",\"sameAs\":[\"https:\/\/www.facebook.com\/autoconautistaitalia\",\"https:\/\/www.instagram.com\/autoconautista_com\/\",\"https:\/\/www.linkedin.com\/company\/auto-con-autista\",\"https:\/\/www.youtube.com\/channel\/UCSm2NCg9aUQJTEQC1QKbR7A\",\"https:\/\/it.pinterest.com\/autoconautista\/\",\"https:\/\/twitter.com\/AutoconAutista\"],\"logo\":{\"@type\":\"ImageObject\",\"@id\":\"https:\/\/autoconautista.com\/ncc\/#logo\",\"inLanguage\":\"it-IT\",\"url\":\"https:\/\/autoconautista.com\/ncc\/wp-content\/uploads\/logo_19-3_autoconautista.png\",\"contentUrl\":\"https:\/\/autoconautista.com\/ncc\/wp-content\/uploads\/logo_19-3_autoconautista.png\",\"width\":320,\"height\":70,\"caption\":\"Auto con Autista\"},\"image\":{\"@id\":\"https:\/\/autoconautista.com\/ncc\/#logo\"}},{\"@type\":\"WebSite\",\"@id\":\"https:\/\/autoconautista.com\/ncc\/#website\",\"url\":\"https:\/\/autoconautista.com\/ncc\/\",\"name\":\"Auto con Autista\",\"description\":\"Noleggio con conducente, auto con autista NCC\",\"publisher\":{\"@id\":\"https:\/\/autoconautista.com\/ncc\/#organization\"},\"potentialAction\":[{\"@type\":\"SearchAction\",\"target\":{\"@type\":\"EntryPoint\",\"urlTemplate\":\"https:\/\/autoconautista.com\/ncc\/?s={search_term_string}\"},\"query-input\":\"required name=search_term_string\"}],\"inLanguage\":\"it-IT\"},{\"@type\":\"ImageObject\",\"@id\":\"https:\/\/autoconautista.com\/ncc\/alessandro-barbareschi\/#primaryimage\",\"inLanguage\":\"it-IT\",\"url\":\"https:\/\/autoconautista.com\/ncc\/wp-content\/uploads\/20140924_1323491.jpg\",\"contentUrl\":\"https:\/\/autoconautista.com\/ncc\/wp-content\/uploads\/20140924_1323491.jpg\",\"width\":1024,\"height\":760,\"caption\":\"Noleggio Auto con Autista Bergamo Alessandro Barbareschi\"},{\"@type\":\"WebPage\",\"@id\":\"https:\/\/autoconautista.com\/ncc\/alessandro-barbareschi\/#webpage\",\"url\":\"https:\/\/autoconautista.com\/ncc\/alessandro-barbareschi\/\",\"name\":\"Alessandro Barbareschi NCC Bergamo Noleggio Auto con Autista\",\"isPartOf\":{\"@id\":\"https:\/\/autoconautista.com\/ncc\/#website\"},\"primaryImageOfPage\":{\"@id\":\"https:\/\/autoconautista.com\/ncc\/alessandro-barbareschi\/#primaryimage\"},\"datePublished\":\"2014-11-24T14:01:00+00:00\",\"dateModified\":\"2018-11-12T13:47:38+00:00\",\"description\":\"Alessandro Barbareschi NCC, Auto con Autista Bergamo Alessandro Barbareschi Driver NCC Bergamo, Brescia, Milano, Monza Brianza | Private Taxi Bergamo\",\"breadcrumb\":{\"@id\":\"https:\/\/autoconautista.com\/ncc\/alessandro-barbareschi\/#breadcrumb\"},\"inLanguage\":\"it-IT\",\"potentialAction\":[{\"@type\":\"ReadAction\",\"target\":[\"https:\/\/autoconautista.com\/ncc\/alessandro-barbareschi\/\"]}]},{\"@type\":\"BreadcrumbList\",\"@id\":\"https:\/\/autoconautista.com\/ncc\/alessandro-barbareschi\/#breadcrumb\",\"itemListElement\":[{\"@type\":\"ListItem\",\"position\":1,\"name\":\"Auto con Autista NCC\",\"item\":\"https:\/\/autoconautista.com\/ncc\/\"},{\"@type\":\"ListItem\",\"position\":2,\"name\":\"Italia\",\"item\":\"https:\/\/autoconautista.com\/ncc\/italia\/\"},{\"@type\":\"ListItem\",\"position\":3,\"name\":\"Noleggio Auto con Autista Lombardia\",\"item\":\"https:\/\/autoconautista.com\/ncc\/italia\/lombardia\/\"},{\"@type\":\"ListItem\",\"position\":4,\"name\":\"Noleggio Auto con Autista Bergamo\",\"item\":\"https:\/\/autoconautista.com\/ncc\/italia\/lombardia\/bergamo\/\"},{\"@type\":\"ListItem\",\"position\":5,\"name\":\"Alessandro Barbareschi\"}]},{\"@type\":\"Article\",\"@id\":\"https:\/\/autoconautista.com\/ncc\/alessandro-barbareschi\/#article\",\"isPartOf\":{\"@id\":\"https:\/\/autoconautista.com\/ncc\/alessandro-barbareschi\/#webpage\"},\"author\":{\"@id\":\"https:\/\/autoconautista.com\/ncc\/#\/schema\/person\/b0165994d17075f3a28b8ac8b9feebd4\"},\"headline\":\"Alessandro Barbareschi\",\"datePublished\":\"2014-11-24T14:01:00+00:00\",\"dateModified\":\"2018-11-12T13:47:38+00:00\",\"mainEntityOfPage\":{\"@id\":\"https:\/\/autoconautista.com\/ncc\/alessandro-barbareschi\/#webpage\"},\"wordCount\":181,\"publisher\":{\"@id\":\"https:\/\/autoconautista.com\/ncc\/#organization\"},\"image\":{\"@id\":\"https:\/\/autoconautista.com\/ncc\/alessandro-barbareschi\/#primaryimage\"},\"thumbnailUrl\":\"https:\/\/autoconautista.com\/ncc\/wp-content\/uploads\/20140924_1323491.jpg\",\"keywords\":[\"Aeroporto Bergamo Orio al Serio\",\"Aeroporto Milano Linate\",\"Aeroporto Milano Malpensa\",\"Bergamo\",\"Brescia\",\"Desenzano del Garda\",\"Iseo\",\"Lago d'Iseo\",\"Lago di Garda\",\"Livigno\",\"Madonna di Campiglio\",\"Milano\",\"Orio al Serio\",\"Riva del Garda\",\"Sal\\u00f2\",\"Sirmione\",\"Sondrio\",\"Stazione Bergamo\"],\"articleSection\":[\"Bergamo\",\"Brescia\",\"Milano\",\"Monza Brianza\"],\"inLanguage\":\"it-IT\"},{\"@type\":\"Person\",\"@id\":\"https:\/\/autoconautista.com\/ncc\/#\/schema\/person\/b0165994d17075f3a28b8ac8b9feebd4\",\"name\":\"aletransfer\",\"sameAs\":[\"http:\/\/www.aleprivatetaxincc.com\/\"]}]}<\/script>\n<!-- \/ Yoast SEO plugin. -->","yoast_head_json":{"description":"Alessandro Barbareschi NCC, Auto con Autista Bergamo Alessandro Barbareschi Driver NCC Bergamo, Brescia, Milano, Monza Brianza | Private Taxi Bergamo","robots":{"index":"index","follow":"follow","max-snippet":"max-snippet:-1","max-image-preview":"max-image-preview:large","max-video-preview":"max-video-preview:-1"},"canonical":"https:\/\/autoconautista.com\/ncc\/alessandro-barbareschi\/","og_locale":"it_IT","og_type":"article","og_title":"Alessandro Barbareschi NCC Bergamo Noleggio Auto con Autista","og_description":"Alessandro Barbareschi NCC, Auto con Autista Bergamo Alessandro Barbareschi Driver NCC Bergamo, Brescia, Milano, Monza Brianza | Private Taxi Bergamo","og_url":"https:\/\/autoconautista.com\/ncc\/alessandro-barbareschi\/","og_site_name":"Auto con Autista","article_publisher":"https:\/\/www.facebook.com\/autoconautistaitalia","article_published_time":"2014-11-24T14:01:00+00:00","article_modified_time":"2018-11-12T13:47:38+00:00","og_image":[{"width":1024,"height":760,"url":"https:\/\/autoconautista.com\/ncc\/wp-content\/uploads\/20140924_1323491.jpg","path":"\/home\/autoconahi\/com\/ncc\/wp-content\/uploads\/20140924_1323491.jpg","size":"full","id":885,"alt":"Noleggio Auto con Autista Bergamo Alessandro Barbareschi","pixels":778240,"type":"image\/jpeg"}],"twitter_card":"summary_large_image","twitter_creator":"@AutoconAutista","twitter_site":"@AutoconAutista","twitter_misc":{"Scritto da":"aletransfer","Tempo di lettura stimato":"1 minuto"},"schema":{"@context":"https:\/\/schema.org","@graph":[{"@type":"Organization","@id":"https:\/\/autoconautista.com\/ncc\/#organization","name":"Auto con Autista","url":"https:\/\/autoconautista.com\/ncc\/","sameAs":["https:\/\/www.facebook.com\/autoconautistaitalia","https:\/\/www.instagram.com\/autoconautista_com\/","https:\/\/www.linkedin.com\/company\/auto-con-autista","https:\/\/www.youtube.com\/channel\/UCSm2NCg9aUQJTEQC1QKbR7A","https:\/\/it.pinterest.com\/autoconautista\/","https:\/\/twitter.com\/AutoconAutista"],"logo":{"@type":"ImageObject","@id":"https:\/\/autoconautista.com\/ncc\/#logo","inLanguage":"it-IT","url":"https:\/\/autoconautista.com\/ncc\/wp-content\/uploads\/logo_19-3_autoconautista.png","contentUrl":"https:\/\/autoconautista.com\/ncc\/wp-content\/uploads\/logo_19-3_autoconautista.png","width":320,"height":70,"caption":"Auto con Autista"},"image":{"@id":"https:\/\/autoconautista.com\/ncc\/#logo"}},{"@type":"WebSite","@id":"https:\/\/autoconautista.com\/ncc\/#website","url":"https:\/\/autoconautista.com\/ncc\/","name":"Auto con Autista","description":"Noleggio con conducente, auto con autista NCC","publisher":{"@id":"https:\/\/autoconautista.com\/ncc\/#organization"},"potentialAction":[{"@type":"SearchAction","target":{"@type":"EntryPoint","urlTemplate":"https:\/\/autoconautista.com\/ncc\/?s={search_term_string}"},"query-input":"required name=search_term_string"}],"inLanguage":"it-IT"},{"@type":"ImageObject","@id":"https:\/\/autoconautista.com\/ncc\/alessandro-barbareschi\/#primaryimage","inLanguage":"it-IT","url":"https:\/\/autoconautista.com\/ncc\/wp-content\/uploads\/20140924_1323491.jpg","contentUrl":"https:\/\/autoconautista.com\/ncc\/wp-content\/uploads\/20140924_1323491.jpg","width":1024,"height":760,"caption":"Noleggio Auto con Autista Bergamo Alessandro Barbareschi"},{"@type":"WebPage","@id":"https:\/\/autoconautista.com\/ncc\/alessandro-barbareschi\/#webpage","url":"https:\/\/autoconautista.com\/ncc\/alessandro-barbareschi\/","name":"Alessandro Barbareschi NCC Bergamo Noleggio Auto con Autista","isPartOf":{"@id":"https:\/\/autoconautista.com\/ncc\/#website"},"primaryImageOfPage":{"@id":"https:\/\/autoconautista.com\/ncc\/alessandro-barbareschi\/#primaryimage"},"datePublished":"2014-11-24T14:01:00+00:00","dateModified":"2018-11-12T13:47:38+00:00","description":"Alessandro Barbareschi NCC, Auto con Autista Bergamo Alessandro Barbareschi Driver NCC Bergamo, Brescia, Milano, Monza Brianza | Private Taxi Bergamo","breadcrumb":{"@id":"https:\/\/autoconautista.com\/ncc\/alessandro-barbareschi\/#breadcrumb"},"inLanguage":"it-IT","potentialAction":[{"@type":"ReadAction","target":["https:\/\/autoconautista.com\/ncc\/alessandro-barbareschi\/"]}]},{"@type":"BreadcrumbList","@id":"https:\/\/autoconautista.com\/ncc\/alessandro-barbareschi\/#breadcrumb","itemListElement":[{"@type":"ListItem","position":1,"name":"Auto con Autista NCC","item":"https:\/\/autoconautista.com\/ncc\/"},{"@type":"ListItem","position":2,"name":"Italia","item":"https:\/\/autoconautista.com\/ncc\/italia\/"},{"@type":"ListItem","position":3,"name":"Noleggio Auto con Autista Lombardia","item":"https:\/\/autoconautista.com\/ncc\/italia\/lombardia\/"},{"@type":"ListItem","position":4,"name":"Noleggio Auto con Autista Bergamo","item":"https:\/\/autoconautista.com\/ncc\/italia\/lombardia\/bergamo\/"},{"@type":"ListItem","position":5,"name":"Alessandro Barbareschi"}]},{"@type":"Article","@id":"https:\/\/autoconautista.com\/ncc\/alessandro-barbareschi\/#article","isPartOf":{"@id":"https:\/\/autoconautista.com\/ncc\/alessandro-barbareschi\/#webpage"},"author":{"@id":"https:\/\/autoconautista.com\/ncc\/#\/schema\/person\/b0165994d17075f3a28b8ac8b9feebd4"},"headline":"Alessandro Barbareschi","datePublished":"2014-11-24T14:01:00+00:00","dateModified":"2018-11-12T13:47:38+00:00","mainEntityOfPage":{"@id":"https:\/\/autoconautista.com\/ncc\/alessandro-barbareschi\/#webpage"},"wordCount":181,"publisher":{"@id":"https:\/\/autoconautista.com\/ncc\/#organization"},"image":{"@id":"https:\/\/autoconautista.com\/ncc\/alessandro-barbareschi\/#primaryimage"},"thumbnailUrl":"https:\/\/autoconautista.com\/ncc\/wp-content\/uploads\/20140924_1323491.jpg","keywords":["Aeroporto Bergamo Orio al Serio","Aeroporto Milano Linate","Aeroporto Milano Malpensa","Bergamo","Brescia","Desenzano del Garda","Iseo","Lago d'Iseo","Lago di Garda","Livigno","Madonna di Campiglio","Milano","Orio al Serio","Riva del Garda","Sal\u00f2","Sirmione","Sondrio","Stazione Bergamo"],"articleSection":["Bergamo","Brescia","Milano","Monza Brianza"],"inLanguage":"it-IT"},{"@type":"Person","@id":"https:\/\/autoconautista.com\/ncc\/#\/schema\/person\/b0165994d17075f3a28b8ac8b9feebd4","name":"aletransfer","sameAs":["http:\/\/www.aleprivatetaxincc.com\/"]}]}},"_links":{"self":[{"href":"https:\/\/autoconautista.com\/ncc\/wp-json\/wp\/v2\/posts\/860"}],"collection":[{"href":"https:\/\/autoconautista.com\/ncc\/wp-json\/wp\/v2\/posts"}],"about":[{"href":"https:\/\/autoconautista.com\/ncc\/wp-json\/wp\/v2\/types\/post"}],"author":[{"embeddable":true,"href":"https:\/\/autoconautista.com\/ncc\/wp-json\/wp\/v2\/users\/81"}],"replies":[{"embeddable":true,"href":"https:\/\/autoconautista.com\/ncc\/wp-json\/wp\/v2\/comments?post=860"}],"version-history":[{"count":0,"href":"https:\/\/autoconautista.com\/ncc\/wp-json\/wp\/v2\/posts\/860\/revisions"}],"wp:featuredmedia":[{"embeddable":true,"href":"https:\/\/autoconautista.com\/ncc\/wp-json\/wp\/v2\/media\/885"}],"wp:attachment":[{"href":"https:\/\/autoconautista.com\/ncc\/wp-json\/wp\/v2\/media?parent=860"}],"wp:term":[{"taxonomy":"category","embeddable":true,"href":"https:\/\/autoconautista.com\/ncc\/wp-json\/wp\/v2\/categories?post=860"},{"taxonomy":"post_tag","embeddable":true,"href":"https:\/\/autoconautista.com\/ncc\/wp-json\/wp\/v2\/tags?post=860"}],"curies":[{"name":"wp","href":"https:\/\/api.w.org\/{rel}","templated":true}]}}